




{"id":694,"date":"2025-01-21T14:55:43","date_gmt":"2025-01-21T13:55:43","guid":{"rendered":"https:\/\/geo.creilsudoise.fr\/?p=694"},"modified":"2025-01-21T15:03:23","modified_gmt":"2025-01-21T14:03:23","slug":"population","status":"publish","type":"post","link":"https:\/\/geo.creilsudoise.fr\/index.php\/2025\/01\/21\/population\/","title":{"rendered":"Population de l&rsquo;Agglom\u00e9ration Creil Sud Oise"},"content":{"rendered":"\n<p><\/p>\n\n\n\n<p>Au 1er janvier 2025, l\u2019Agglom\u00e9ration Creil Sud Oise compte :<\/p>\n\n\n\n<p class=\"has-text-align-center has-large-font-size\"><strong>89\u00a0897 habitants<\/strong><\/p>\n\n\n\n<div class=\"wp-block-group\"><div class=\"wp-block-group__inner-container is-layout-constrained wp-block-group-is-layout-constrained\">\n<p class=\"has-text-align-center has-medium-font-size\"><strong>+ 2,15% sur les 6 derni\u00e8res ann\u00e9es<\/strong><\/p>\n\n\n\n<p class=\"has-text-align-center has-medium-font-size\"><strong>soit une augmentation de + 1 889 habitants sur la p\u00e9riode<\/strong><\/p>\n<\/div><\/div>\n\n\n\n<p>89 897 personnes ayant leur r\u00e9sidence habituelle sur le territoire (population municipale), et 1 059 personnes r\u00e9sidant ailleurs mais ayant conserv\u00e9 une r\u00e9sidence sur le territoire\u00a0(population compt\u00e9e \u00e0 part).<\/p>\n\n\n\n<figure class=\"wp-block-image size-full is-resized\"><img loading=\"lazy\" decoding=\"async\" width=\"675\" height=\"405\" src=\"https:\/\/geo.creilsudoise.fr\/wp-content\/uploads\/image-26.png\" alt=\"\" class=\"wp-image-670\" style=\"width:755px;height:auto\" srcset=\"https:\/\/geo.creilsudoise.fr\/wp-content\/uploads\/image-26.png 675w, https:\/\/geo.creilsudoise.fr\/wp-content\/uploads\/image-26-300x180.png 300w\" sizes=\"auto, (max-width: 675px) 100vw, 675px\" \/><\/figure>\n\n\n\n<p><em>Source : INSEE Population l\u00e9gales 202<\/em>2<\/p>\n\n\n\n<div class=\"wp-block-group is-vertical is-layout-flex wp-container-core-group-is-layout-8cf370e7 wp-block-group-is-layout-flex\">\n<div class=\"wp-block-group is-vertical is-layout-flex wp-container-core-group-is-layout-8cf370e7 wp-block-group-is-layout-flex\">\n<p><strong>La population au 1<sup>er<\/sup> janvier 2025 est la population du dernier recensement de l\u2019INSEE (2022)<\/strong>, la population 2022 est celle du recensement 2019.<\/p>\n\n\n\n<div class=\"wp-block-group\"><div class=\"wp-block-group__inner-container is-layout-flow wp-block-group-is-layout-flow\">\n<p><strong>La population municipale<\/strong>\u00a0comprend les personnes ayant leur r\u00e9sidence habituelle sur le territoire, y compris les \u00e9tudiants, les personnes qui r\u00e9sident dans des foyers, etc.\u00a0La population municipale est utilis\u00e9e pour les statistiques.<\/p>\n\n\n\n<p><strong>La population compt\u00e9e \u00e0 part<\/strong>\u00a0comprend les personnes dont la r\u00e9sidence habituelle est dans une autre commune mais qui ont conserv\u00e9 une r\u00e9sidence sur la commune.<\/p>\n\n\n\n<p><strong>La population totale<\/strong>\u00a0est la somme de la population municipale et de la population compt\u00e9e \u00e0 part. Elle n\u2019est pas calcul\u00e9e au niveau de l\u2019Agglom\u00e9ration car pourrait comporter des double-comptes.<\/p>\n<\/div><\/div>\n<\/div>\n<\/div>\n\n\n\n<p><a href=\"https:\/\/geo.creilsudoise.fr\/documents\/population_2025.pdf\" target=\"_blank\" rel=\"noreferrer noopener\">Lien vers la publication<\/a><\/p>\n","protected":false},"excerpt":{"rendered":"<p>Au 1er janvier 2025, l\u2019Agglom\u00e9ration Creil Sud Oise compte : 89\u00a0897 habitants + 2,15% sur les 6 derni\u00e8res ann\u00e9es soit une augmentation de + 1 889 habitants sur la p\u00e9riode&#8230;<\/p>\n","protected":false},"author":3,"featured_media":680,"comment_status":"closed","ping_status":"closed","sticky":true,"template":"","format":"standard","meta":{"footnotes":""},"categories":[17],"tags":[],"class_list":["post-694","post","type-post","status-publish","format-standard","has-post-thumbnail","hentry","category-actualite"],"_links":{"self":[{"href":"https:\/\/geo.creilsudoise.fr\/index.php\/wp-json\/wp\/v2\/posts\/694","targetHints":{"allow":["GET"]}}],"collection":[{"href":"https:\/\/geo.creilsudoise.fr\/index.php\/wp-json\/wp\/v2\/posts"}],"about":[{"href":"https:\/\/geo.creilsudoise.fr\/index.php\/wp-json\/wp\/v2\/types\/post"}],"author":[{"embeddable":true,"href":"https:\/\/geo.creilsudoise.fr\/index.php\/wp-json\/wp\/v2\/users\/3"}],"replies":[{"embeddable":true,"href":"https:\/\/geo.creilsudoise.fr\/index.php\/wp-json\/wp\/v2\/comments?post=694"}],"version-history":[{"count":4,"href":"https:\/\/geo.creilsudoise.fr\/index.php\/wp-json\/wp\/v2\/posts\/694\/revisions"}],"predecessor-version":[{"id":699,"href":"https:\/\/geo.creilsudoise.fr\/index.php\/wp-json\/wp\/v2\/posts\/694\/revisions\/699"}],"wp:featuredmedia":[{"embeddable":true,"href":"https:\/\/geo.creilsudoise.fr\/index.php\/wp-json\/wp\/v2\/media\/680"}],"wp:attachment":[{"href":"https:\/\/geo.creilsudoise.fr\/index.php\/wp-json\/wp\/v2\/media?parent=694"}],"wp:term":[{"taxonomy":"category","embeddable":true,"href":"https:\/\/geo.creilsudoise.fr\/index.php\/wp-json\/wp\/v2\/categories?post=694"},{"taxonomy":"post_tag","embeddable":true,"href":"https:\/\/geo.creilsudoise.fr\/index.php\/wp-json\/wp\/v2\/tags?post=694"}],"curies":[{"name":"wp","href":"https:\/\/api.w.org\/{rel}","templated":true}]}}